{"id":573,"date":"2024-10-14T10:40:33","date_gmt":"2024-10-14T10:40:33","guid":{"rendered":"https:\/\/biconet.eu\/?p=573"},"modified":"2025-09-16T09:08:17","modified_gmt":"2025-09-16T09:08:17","slug":"interreg-vla-projekt-biconet-waehrend-der-europaeischen-woche-der-regionen-und-staedte-in-bruessel-vorgestellt","status":"publish","type":"post","link":"https:\/\/biconet.eu\/de\/nachrichten\/interreg-vla-projekt-biconet-waehrend-der-europaeischen-woche-der-regionen-und-staedte-in-bruessel-vorgestellt\/","title":{"rendered":"Interreg Vla-Projekt BiCoNet w\u00e4hrend der Europ\u00e4ischen Woche der Regionen und St\u00e4dte in Br\u00fcssel vorgestellt."},"content":{"rendered":"","protected":false},"excerpt":{"rendered":"","protected":false},"author":2,"featured_media":0,"comment_status":"open","ping_status":"open","sticky":false,"template":"","format":"standard","meta":{"_acf_changed":false},"categories":[15],"tags":[],"class_list":["post-573","post","type-post","status-publish","format-standard","hentry","category-nachrichten"],"acf":[],"yoast_head":"<!-- This site is optimized with the Yoast SEO plugin v27.2 - https:\/\/yoast.com\/product\/yoast-seo-wordpress\/ -->\n<title>Interreg Vla-Projekt BiCoNet w\u00e4hrend der Europ\u00e4ischen Woche der Regionen und St\u00e4dte in Br\u00fcssel vorgestellt. - BiCoNet<\/title>\n<meta name=\"description\" content=\"Interreg Vla-Projekt BiCoNet w\u00e4hrend der Europ\u00e4ischen Woche der Regionen und St\u00e4dte in Br\u00fcssel vorgestellt\" \/>\n<meta name=\"robots\" content=\"index, follow, max-snippet:-1, max-image-preview:large, max-video-preview:-1\" \/>\n<link rel=\"canonical\" href=\"https:\/\/biconet.eu\/de\/nachrichten\/interreg-vla-projekt-biconet-waehrend-der-europaeischen-woche-der-regionen-und-staedte-in-bruessel-vorgestellt\/\" \/>\n<meta property=\"og:locale\" content=\"de_DE\" \/>\n<meta property=\"og:type\" content=\"article\" \/>\n<meta property=\"og:title\" content=\"Interreg Vla-Projekt BiCoNet w\u00e4hrend der Europ\u00e4ischen Woche der Regionen und St\u00e4dte in Br\u00fcssel vorgestellt. - BiCoNet\" \/>\n<meta property=\"og:description\" content=\"Interreg Vla-Projekt BiCoNet w\u00e4hrend der Europ\u00e4ischen Woche der Regionen und St\u00e4dte in Br\u00fcssel vorgestellt\" \/>\n<meta property=\"og:url\" content=\"https:\/\/biconet.eu\/de\/nachrichten\/interreg-vla-projekt-biconet-waehrend-der-europaeischen-woche-der-regionen-und-staedte-in-bruessel-vorgestellt\/\" \/>\n<meta property=\"og:site_name\" content=\"BiCoNet\" \/>\n<meta property=\"article:published_time\" content=\"2024-10-14T10:40:33+00:00\" \/>\n<meta property=\"article:modified_time\" content=\"2025-09-16T09:08:17+00:00\" \/>\n<meta name=\"author\" content=\"Jacinthe Gijsman\" \/>\n<meta name=\"twitter:card\" content=\"summary_large_image\" \/>\n<meta name=\"twitter:label1\" content=\"Verfasst von\" \/>\n\t<meta name=\"twitter:data1\" content=\"Jacinthe Gijsman\" \/>\n<script type=\"application\/ld+json\" class=\"yoast-schema-graph\">{\"@context\":\"https:\/\/schema.org\",\"@graph\":[{\"@type\":\"Article\",\"@id\":\"https:\/\/biconet.eu\/de\/nachrichten\/interreg-vla-projekt-biconet-waehrend-der-europaeischen-woche-der-regionen-und-staedte-in-bruessel-vorgestellt\/#article\",\"isPartOf\":{\"@id\":\"https:\/\/biconet.eu\/de\/nachrichten\/interreg-vla-projekt-biconet-waehrend-der-europaeischen-woche-der-regionen-und-staedte-in-bruessel-vorgestellt\/\"},\"author\":{\"name\":\"Jacinthe Gijsman\",\"@id\":\"https:\/\/biconet.eu\/de\/#\/schema\/person\/b73d846937a3f767e7bf5fc8b56580e2\"},\"headline\":\"Interreg Vla-Projekt BiCoNet w\u00e4hrend der Europ\u00e4ischen Woche der Regionen und St\u00e4dte in Br\u00fcssel vorgestellt.\",\"datePublished\":\"2024-10-14T10:40:33+00:00\",\"dateModified\":\"2025-09-16T09:08:17+00:00\",\"mainEntityOfPage\":{\"@id\":\"https:\/\/biconet.eu\/de\/nachrichten\/interreg-vla-projekt-biconet-waehrend-der-europaeischen-woche-der-regionen-und-staedte-in-bruessel-vorgestellt\/\"},\"wordCount\":18,\"commentCount\":0,\"publisher\":{\"@id\":\"https:\/\/biconet.eu\/de\/#organization\"},\"articleSection\":[\"Nachrichten\"],\"inLanguage\":\"de\",\"potentialAction\":[{\"@type\":\"CommentAction\",\"name\":\"Comment\",\"target\":[\"https:\/\/biconet.eu\/de\/nachrichten\/interreg-vla-projekt-biconet-waehrend-der-europaeischen-woche-der-regionen-und-staedte-in-bruessel-vorgestellt\/#respond\"]}]},{\"@type\":\"WebPage\",\"@id\":\"https:\/\/biconet.eu\/de\/nachrichten\/interreg-vla-projekt-biconet-waehrend-der-europaeischen-woche-der-regionen-und-staedte-in-bruessel-vorgestellt\/\",\"url\":\"https:\/\/biconet.eu\/de\/nachrichten\/interreg-vla-projekt-biconet-waehrend-der-europaeischen-woche-der-regionen-und-staedte-in-bruessel-vorgestellt\/\",\"name\":\"Interreg Vla-Projekt BiCoNet w\u00e4hrend der Europ\u00e4ischen Woche der Regionen und St\u00e4dte in Br\u00fcssel vorgestellt. - BiCoNet\",\"isPartOf\":{\"@id\":\"https:\/\/biconet.eu\/de\/#website\"},\"datePublished\":\"2024-10-14T10:40:33+00:00\",\"dateModified\":\"2025-09-16T09:08:17+00:00\",\"description\":\"Interreg Vla-Projekt BiCoNet w\u00e4hrend der Europ\u00e4ischen Woche der Regionen und St\u00e4dte in Br\u00fcssel vorgestellt\",\"breadcrumb\":{\"@id\":\"https:\/\/biconet.eu\/de\/nachrichten\/interreg-vla-projekt-biconet-waehrend-der-europaeischen-woche-der-regionen-und-staedte-in-bruessel-vorgestellt\/#breadcrumb\"},\"inLanguage\":\"de\",\"potentialAction\":[{\"@type\":\"ReadAction\",\"target\":[\"https:\/\/biconet.eu\/de\/nachrichten\/interreg-vla-projekt-biconet-waehrend-der-europaeischen-woche-der-regionen-und-staedte-in-bruessel-vorgestellt\/\"]}]},{\"@type\":\"BreadcrumbList\",\"@id\":\"https:\/\/biconet.eu\/de\/nachrichten\/interreg-vla-projekt-biconet-waehrend-der-europaeischen-woche-der-regionen-und-staedte-in-bruessel-vorgestellt\/#breadcrumb\",\"itemListElement\":[{\"@type\":\"ListItem\",\"position\":1,\"name\":\"Home\",\"item\":\"https:\/\/biconet.eu\/de\/biconet-unternehmen-modernisieren-sich-und-werden-durch-ki-nachhaltiger-2\/\"},{\"@type\":\"ListItem\",\"position\":2,\"name\":\"Interreg Vla-Projekt BiCoNet w\u00e4hrend der Europ\u00e4ischen Woche der Regionen und St\u00e4dte in Br\u00fcssel vorgestellt.\"}]},{\"@type\":\"WebSite\",\"@id\":\"https:\/\/biconet.eu\/de\/#website\",\"url\":\"https:\/\/biconet.eu\/de\/\",\"name\":\"BiCoNet\",\"description\":\"\",\"publisher\":{\"@id\":\"https:\/\/biconet.eu\/de\/#organization\"},\"potentialAction\":[{\"@type\":\"SearchAction\",\"target\":{\"@type\":\"EntryPoint\",\"urlTemplate\":\"https:\/\/biconet.eu\/de\/?s={search_term_string}\"},\"query-input\":{\"@type\":\"PropertyValueSpecification\",\"valueRequired\":true,\"valueName\":\"search_term_string\"}}],\"inLanguage\":\"de\"},{\"@type\":\"Organization\",\"@id\":\"https:\/\/biconet.eu\/de\/#organization\",\"name\":\"BiCoNet\",\"url\":\"https:\/\/biconet.eu\/de\/\",\"logo\":{\"@type\":\"ImageObject\",\"inLanguage\":\"de\",\"@id\":\"https:\/\/biconet.eu\/de\/#\/schema\/logo\/image\/\",\"url\":\"https:\/\/biconet.eu\/\/\/wp-content\/uploads\/2024\/03\/logo_biconet.webp\",\"contentUrl\":\"https:\/\/biconet.eu\/\/\/wp-content\/uploads\/2024\/03\/logo_biconet.webp\",\"width\":298,\"height\":118,\"caption\":\"BiCoNet\"},\"image\":{\"@id\":\"https:\/\/biconet.eu\/de\/#\/schema\/logo\/image\/\"}},{\"@type\":\"Person\",\"@id\":\"https:\/\/biconet.eu\/de\/#\/schema\/person\/b73d846937a3f767e7bf5fc8b56580e2\",\"name\":\"Jacinthe Gijsman\",\"image\":{\"@type\":\"ImageObject\",\"inLanguage\":\"de\",\"@id\":\"https:\/\/secure.gravatar.com\/avatar\/3fc215d5f945daac54b5833192af2314eead06cbab7702f1060d612b70c88b03?s=96&d=mm&r=g\",\"url\":\"https:\/\/secure.gravatar.com\/avatar\/3fc215d5f945daac54b5833192af2314eead06cbab7702f1060d612b70c88b03?s=96&d=mm&r=g\",\"contentUrl\":\"https:\/\/secure.gravatar.com\/avatar\/3fc215d5f945daac54b5833192af2314eead06cbab7702f1060d612b70c88b03?s=96&d=mm&r=g\",\"caption\":\"Jacinthe Gijsman\"},\"url\":\"https:\/\/biconet.eu\/de\/author\/jacinthe\/\"}]}<\/script>\n<!-- \/ Yoast SEO plugin. -->","yoast_head_json":{"title":"Interreg Vla-Projekt BiCoNet w\u00e4hrend der Europ\u00e4ischen Woche der Regionen und St\u00e4dte in Br\u00fcssel vorgestellt. - BiCoNet","description":"Interreg Vla-Projekt BiCoNet w\u00e4hrend der Europ\u00e4ischen Woche der Regionen und St\u00e4dte in Br\u00fcssel vorgestellt","robots":{"index":"index","follow":"follow","max-snippet":"max-snippet:-1","max-image-preview":"max-image-preview:large","max-video-preview":"max-video-preview:-1"},"canonical":"https:\/\/biconet.eu\/de\/nachrichten\/interreg-vla-projekt-biconet-waehrend-der-europaeischen-woche-der-regionen-und-staedte-in-bruessel-vorgestellt\/","og_locale":"de_DE","og_type":"article","og_title":"Interreg Vla-Projekt BiCoNet w\u00e4hrend der Europ\u00e4ischen Woche der Regionen und St\u00e4dte in Br\u00fcssel vorgestellt. - BiCoNet","og_description":"Interreg Vla-Projekt BiCoNet w\u00e4hrend der Europ\u00e4ischen Woche der Regionen und St\u00e4dte in Br\u00fcssel vorgestellt","og_url":"https:\/\/biconet.eu\/de\/nachrichten\/interreg-vla-projekt-biconet-waehrend-der-europaeischen-woche-der-regionen-und-staedte-in-bruessel-vorgestellt\/","og_site_name":"BiCoNet","article_published_time":"2024-10-14T10:40:33+00:00","article_modified_time":"2025-09-16T09:08:17+00:00","author":"Jacinthe Gijsman","twitter_card":"summary_large_image","twitter_misc":{"Verfasst von":"Jacinthe Gijsman"},"schema":{"@context":"https:\/\/schema.org","@graph":[{"@type":"Article","@id":"https:\/\/biconet.eu\/de\/nachrichten\/interreg-vla-projekt-biconet-waehrend-der-europaeischen-woche-der-regionen-und-staedte-in-bruessel-vorgestellt\/#article","isPartOf":{"@id":"https:\/\/biconet.eu\/de\/nachrichten\/interreg-vla-projekt-biconet-waehrend-der-europaeischen-woche-der-regionen-und-staedte-in-bruessel-vorgestellt\/"},"author":{"name":"Jacinthe Gijsman","@id":"https:\/\/biconet.eu\/de\/#\/schema\/person\/b73d846937a3f767e7bf5fc8b56580e2"},"headline":"Interreg Vla-Projekt BiCoNet w\u00e4hrend der Europ\u00e4ischen Woche der Regionen und St\u00e4dte in Br\u00fcssel vorgestellt.","datePublished":"2024-10-14T10:40:33+00:00","dateModified":"2025-09-16T09:08:17+00:00","mainEntityOfPage":{"@id":"https:\/\/biconet.eu\/de\/nachrichten\/interreg-vla-projekt-biconet-waehrend-der-europaeischen-woche-der-regionen-und-staedte-in-bruessel-vorgestellt\/"},"wordCount":18,"commentCount":0,"publisher":{"@id":"https:\/\/biconet.eu\/de\/#organization"},"articleSection":["Nachrichten"],"inLanguage":"de","potentialAction":[{"@type":"CommentAction","name":"Comment","target":["https:\/\/biconet.eu\/de\/nachrichten\/interreg-vla-projekt-biconet-waehrend-der-europaeischen-woche-der-regionen-und-staedte-in-bruessel-vorgestellt\/#respond"]}]},{"@type":"WebPage","@id":"https:\/\/biconet.eu\/de\/nachrichten\/interreg-vla-projekt-biconet-waehrend-der-europaeischen-woche-der-regionen-und-staedte-in-bruessel-vorgestellt\/","url":"https:\/\/biconet.eu\/de\/nachrichten\/interreg-vla-projekt-biconet-waehrend-der-europaeischen-woche-der-regionen-und-staedte-in-bruessel-vorgestellt\/","name":"Interreg Vla-Projekt BiCoNet w\u00e4hrend der Europ\u00e4ischen Woche der Regionen und St\u00e4dte in Br\u00fcssel vorgestellt. - BiCoNet","isPartOf":{"@id":"https:\/\/biconet.eu\/de\/#website"},"datePublished":"2024-10-14T10:40:33+00:00","dateModified":"2025-09-16T09:08:17+00:00","description":"Interreg Vla-Projekt BiCoNet w\u00e4hrend der Europ\u00e4ischen Woche der Regionen und St\u00e4dte in Br\u00fcssel vorgestellt","breadcrumb":{"@id":"https:\/\/biconet.eu\/de\/nachrichten\/interreg-vla-projekt-biconet-waehrend-der-europaeischen-woche-der-regionen-und-staedte-in-bruessel-vorgestellt\/#breadcrumb"},"inLanguage":"de","potentialAction":[{"@type":"ReadAction","target":["https:\/\/biconet.eu\/de\/nachrichten\/interreg-vla-projekt-biconet-waehrend-der-europaeischen-woche-der-regionen-und-staedte-in-bruessel-vorgestellt\/"]}]},{"@type":"BreadcrumbList","@id":"https:\/\/biconet.eu\/de\/nachrichten\/interreg-vla-projekt-biconet-waehrend-der-europaeischen-woche-der-regionen-und-staedte-in-bruessel-vorgestellt\/#breadcrumb","itemListElement":[{"@type":"ListItem","position":1,"name":"Home","item":"https:\/\/biconet.eu\/de\/biconet-unternehmen-modernisieren-sich-und-werden-durch-ki-nachhaltiger-2\/"},{"@type":"ListItem","position":2,"name":"Interreg Vla-Projekt BiCoNet w\u00e4hrend der Europ\u00e4ischen Woche der Regionen und St\u00e4dte in Br\u00fcssel vorgestellt."}]},{"@type":"WebSite","@id":"https:\/\/biconet.eu\/de\/#website","url":"https:\/\/biconet.eu\/de\/","name":"BiCoNet","description":"","publisher":{"@id":"https:\/\/biconet.eu\/de\/#organization"},"potentialAction":[{"@type":"SearchAction","target":{"@type":"EntryPoint","urlTemplate":"https:\/\/biconet.eu\/de\/?s={search_term_string}"},"query-input":{"@type":"PropertyValueSpecification","valueRequired":true,"valueName":"search_term_string"}}],"inLanguage":"de"},{"@type":"Organization","@id":"https:\/\/biconet.eu\/de\/#organization","name":"BiCoNet","url":"https:\/\/biconet.eu\/de\/","logo":{"@type":"ImageObject","inLanguage":"de","@id":"https:\/\/biconet.eu\/de\/#\/schema\/logo\/image\/","url":"https:\/\/biconet.eu\/\/\/wp-content\/uploads\/2024\/03\/logo_biconet.webp","contentUrl":"https:\/\/biconet.eu\/\/\/wp-content\/uploads\/2024\/03\/logo_biconet.webp","width":298,"height":118,"caption":"BiCoNet"},"image":{"@id":"https:\/\/biconet.eu\/de\/#\/schema\/logo\/image\/"}},{"@type":"Person","@id":"https:\/\/biconet.eu\/de\/#\/schema\/person\/b73d846937a3f767e7bf5fc8b56580e2","name":"Jacinthe Gijsman","image":{"@type":"ImageObject","inLanguage":"de","@id":"https:\/\/secure.gravatar.com\/avatar\/3fc215d5f945daac54b5833192af2314eead06cbab7702f1060d612b70c88b03?s=96&d=mm&r=g","url":"https:\/\/secure.gravatar.com\/avatar\/3fc215d5f945daac54b5833192af2314eead06cbab7702f1060d612b70c88b03?s=96&d=mm&r=g","contentUrl":"https:\/\/secure.gravatar.com\/avatar\/3fc215d5f945daac54b5833192af2314eead06cbab7702f1060d612b70c88b03?s=96&d=mm&r=g","caption":"Jacinthe Gijsman"},"url":"https:\/\/biconet.eu\/de\/author\/jacinthe\/"}]}},"_links":{"self":[{"href":"https:\/\/biconet.eu\/de\/wp-json\/wp\/v2\/posts\/573","targetHints":{"allow":["GET"]}}],"collection":[{"href":"https:\/\/biconet.eu\/de\/wp-json\/wp\/v2\/posts"}],"about":[{"href":"https:\/\/biconet.eu\/de\/wp-json\/wp\/v2\/types\/post"}],"author":[{"embeddable":true,"href":"https:\/\/biconet.eu\/de\/wp-json\/wp\/v2\/users\/2"}],"replies":[{"embeddable":true,"href":"https:\/\/biconet.eu\/de\/wp-json\/wp\/v2\/comments?post=573"}],"version-history":[{"count":3,"href":"https:\/\/biconet.eu\/de\/wp-json\/wp\/v2\/posts\/573\/revisions"}],"predecessor-version":[{"id":576,"href":"https:\/\/biconet.eu\/de\/wp-json\/wp\/v2\/posts\/573\/revisions\/576"}],"wp:attachment":[{"href":"https:\/\/biconet.eu\/de\/wp-json\/wp\/v2\/media?parent=573"}],"wp:term":[{"taxonomy":"category","embeddable":true,"href":"https:\/\/biconet.eu\/de\/wp-json\/wp\/v2\/categories?post=573"},{"taxonomy":"post_tag","embeddable":true,"href":"https:\/\/biconet.eu\/de\/wp-json\/wp\/v2\/tags?post=573"}],"curies":[{"name":"wp","href":"https:\/\/api.w.org\/{rel}","templated":true}]}}